{"id":43,"date":"2013-07-02T20:03:08","date_gmt":"2013-07-02T17:03:08","guid":{"rendered":"http:\/\/frisbeegolfradat.fi\/tour_de_sweden\/?p=43"},"modified":"2013-07-02T20:29:37","modified_gmt":"2013-07-02T17:29:37","slug":"day-2-gefle-valls-herrgard","status":"publish","type":"post","link":"https:\/\/frisbeegolfradat.fi\/tour_de_sweden\/2013\/07\/02\/day-2-gefle-valls-herrgard\/","title":{"rendered":"Day 2 &#8211; Gefle &#8211; Valls Herrg\u00e5rd"},"content":{"rendered":"<p>Valls herrg\u00e5rd &#8211; Vallilan kartano. Takaraivossa jyskytti ajatus: &#8221;Mit\u00e4 jos J\u00e4rvan j\u00e4lkeen mik\u00e4\u00e4n ei en\u00e4\u00e4 tunnu milt\u00e4\u00e4n? Mit\u00e4 jos mun sielu j\u00e4i sinne? Miten m\u00e4 voin en\u00e4\u00e4 jatkaa?&#8221;. S\u00e4\u00e4tiedoitus lupaili sopivaa frisbeegolfkeli\u00e4, +20 ja puolipilvist\u00e4. Aamusta kuitenkin saimme huomata, ett\u00e4 sateen todenn\u00e4k\u00f6isyys on suurehko ja tuuli voimistuu iltap\u00e4iv\u00e4ll\u00e4.<\/p>\n<p>G\u00e4vlen, eli Geflen, rata sijaitsee heti keskustassa, &#8221;Teknikparkenissa&#8221;. Osoite sinne on Stenhammarsv\u00e4gen 11. Radan vieress\u00e4 on jonkinlainen keksint\u00f6virasto jonka pihaan pystyi transportterimme parkeerata. Heti tien toisella puolella on v\u00e4yl\u00e4n 18 (discatcher) kori, joka sopii hyvin l\u00e4mmittelykoriksi. Mukaan tulostettu ratakartta ei pit\u00e4nyt p\u00e4tk\u00e4\u00e4k\u00e4\u00e4n paikkaansa, sill\u00e4 G\u00e4vlen radalle on tehty jonkin verran muutoksia viime vuosina. Opastaululla olevasta kartasta kannattaa ottaa kuva kierrokselle.<\/p>\n<div style=\"width: 585px\" class=\"wp-caption alignnone\"><a href=\"http:\/\/www.atlaz.fi\/tso\/gavle2\/1.JPG\"><img loading=\"lazy\" src=\"http:\/\/www.atlaz.fi\/tso\/gavle2\/tb\/1.JPG\" alt=\"\" width=\"575\" height=\"385\" \/><\/a><p class=\"wp-caption-text\">V\u00e4yl\u00e4n 18 kori - l\u00e4mmittelykorina<\/p><\/div>\n<p>&nbsp;<\/p>\n<p>Heti ensimm\u00e4isell\u00e4 v\u00e4yl\u00e4ll\u00e4 on luvassa leppoisaa puistov\u00e4yl\u00e4\u00e4, reipas satametrinen jossa kori on sijoitettu oikealle mets\u00e4n laitaan. Heti huomaa, ettei en\u00e4\u00e4 olla J\u00e4rvassa. Vaikka pelataankin ruohokentt\u00e4\u00e4, on se sen verran pitk\u00e4\u00e4, ett\u00e4 kiekkoa ei heti spottaa. Rataa kuitenkin niitet\u00e4\u00e4n useamman kerran kes\u00e4ss\u00e4 joten mist\u00e4\u00e4n viidakosta ei voi puhua. Loppukierroksella tuli kuitenkin vastaan paljon puistoty\u00f6l\u00e4isi\u00e4 jotka trimmerein ja ruohonleikkurein rataa huolsivat.<\/p>\n<div style=\"width: 585px\" class=\"wp-caption alignnone\"><a href=\"http:\/\/www.atlaz.fi\/tso\/gavle2\/2.JPG\"><img loading=\"lazy\" src=\"http:\/\/www.atlaz.fi\/tso\/gavle2\/tb\/2.JPG\" alt=\"\" width=\"575\" height=\"385\" \/><\/a><p class=\"wp-caption-text\">V\u00e4yl\u00e4n 1 avaus, Kiinteist\u00f6-Petri<\/p><\/div>\n<div style=\"width: 585px\" class=\"wp-caption alignnone\"><a href=\"http:\/\/www.atlaz.fi\/tso\/gavle2\/3.JPG\"><img loading=\"lazy\" src=\"http:\/\/www.atlaz.fi\/tso\/gavle2\/tb\/3.JPG\" alt=\"\" width=\"575\" height=\"385\" \/><\/a><p class=\"wp-caption-text\">Kokki-Petteri ykk\u00f6sen putilla<\/p><\/div>\n<p>&nbsp;<\/p>\n<p><span style=\"font-size: 13px\">Ratahan sijaitsee yleisess\u00e4 puistossa joten kierros kannattaa ajoittaa aamulle, mutta ei kuitenkaan aamuruhkaan. Ensimm\u00e4isiin &#8221;siviileihin&#8221; t\u00f6rm\u00e4ttiin v\u00e4yl\u00e4ll\u00e4 seitsem\u00e4n, jossa pari vanhempaa naista olivat todella kiinostuneita Lennonjohto-Jukasta ja h\u00e4nen tarinoistaan mystisest\u00e4 Suomesta.Kuutonen ja seiska olivat muuten \u00e4lytt\u00f6m\u00e4n eeppiset v\u00e4yl\u00e4t. 208m pitk\u00e4ll\u00e4 kuutosella avattiin pienest\u00e4 v\u00e4lik\u00f6st\u00e4 isolle ruohoalueelle josta oli viel\u00e4 reilut 100m matkaa korille, joka oli viety pieneen taskuun vasemmalle. Seiska taasen avataan antsaavana tai tikkusuoraan pienen pienest\u00e4 v\u00e4list\u00e4. Vasemmalla kummitteleva G\u00e4vlen joki raapi kuitenkin takaraivossa ja portin ohitti onnistuneesti vain kolme viiden hengen poolistamme.<\/span><\/p>\n<div style=\"width: 585px\" class=\"wp-caption alignnone\"><a href=\"http:\/\/www.atlaz.fi\/tso\/gavle2\/4.JPG\"><img loading=\"lazy\" src=\"http:\/\/www.atlaz.fi\/tso\/gavle2\/tb\/4.JPG\" alt=\"\" width=\"575\" height=\"385\" \/><\/a><p class=\"wp-caption-text\">Viitosv\u00e4yl\u00e4\u00e4 - Mandolla maustettuna<\/p><\/div>\n<div style=\"width: 585px\" class=\"wp-caption alignnone\"><a href=\"http:\/\/www.atlaz.fi\/tso\/gavle2\/5.JPG\"><img loading=\"lazy\" src=\"http:\/\/www.atlaz.fi\/tso\/gavle2\/tb\/5.JPG\" alt=\"\" width=\"575\" height=\"385\" \/><\/a><p class=\"wp-caption-text\">Eeppinen kutosv\u00e4yl\u00e4<\/p><\/div>\n<div style=\"width: 585px\" class=\"wp-caption alignnone\"><a href=\"http:\/\/www.atlaz.fi\/tso\/gavle2\/6.JPG\"><img loading=\"lazy\" src=\"http:\/\/www.atlaz.fi\/tso\/gavle2\/tb\/6.JPG\" alt=\"\" width=\"575\" height=\"385\" \/><\/a><p class=\"wp-caption-text\">Kuutonen avauksen j\u00e4lkeen. Kori vasemmassa laidassa, taskussa<\/p><\/div>\n<div style=\"width: 585px\" class=\"wp-caption alignnone\"><a href=\"http:\/\/www.atlaz.fi\/tso\/gavle2\/7.JPG\"><img loading=\"lazy\" src=\"http:\/\/www.atlaz.fi\/tso\/gavle2\/tb\/7.JPG\" alt=\"\" width=\"575\" height=\"385\" \/><\/a><p class=\"wp-caption-text\">Supereeppinen seiska<\/p><\/div>\n<p>&nbsp;<\/p>\n<p>V\u00e4yl\u00e4t 9, 10 ja 11 olivat kovia vesiv\u00e4yli\u00e4 joista kovasti hehkutettiin my\u00f6s rata-arvosteluissa. 9 ja 11 olivat lyhyit\u00e4 neppailuv\u00e4yli\u00e4 joissa piti heitt\u00e4\u00e4 mahdollisimman suoraan noin 50m, v\u00e4liss\u00e4 vesiesteet. Kolmella v\u00e4yl\u00e4ll\u00e4 meill\u00e4 k\u00e4vi vedess\u00e4 nelj\u00e4 kiekkoa, jotka tosin kaikki saatiin pelastettua sill\u00e4 vesi ei ollut kovinkaan korkea ja paikalliset olivat j\u00e4tt\u00e4neet hyvi\u00e4 kalastelukeppej\u00e4 rannoille.<\/p>\n<div style=\"width: 585px\" class=\"wp-caption alignnone\"><a href=\"http:\/\/www.atlaz.fi\/tso\/gavle2\/9.JPG\"><img loading=\"lazy\" src=\"http:\/\/www.atlaz.fi\/tso\/gavle2\/tb\/9.JPG\" alt=\"\" width=\"575\" height=\"385\" \/><\/a><p class=\"wp-caption-text\">Ysiv\u00e4yl\u00e4<\/p><\/div>\n<div style=\"width: 585px\" class=\"wp-caption alignnone\"><a href=\"http:\/\/www.atlaz.fi\/tso\/gavle2\/10.JPG\"><img loading=\"lazy\" src=\"http:\/\/www.atlaz.fi\/tso\/gavle2\/tb\/10.JPG\" alt=\"\" width=\"575\" height=\"385\" \/><\/a><p class=\"wp-caption-text\">Kymppi - Holariv\u00e4yl\u00e4, jos heit\u00e4t 120m piikkisuoraan<\/p><\/div>\n<div style=\"width: 585px\" class=\"wp-caption alignnone\"><a href=\"http:\/\/www.atlaz.fi\/tso\/gavle2\/11.JPG\"><img loading=\"lazy\" src=\"http:\/\/www.atlaz.fi\/tso\/gavle2\/tb\/11.JPG\" alt=\"\" width=\"575\" height=\"385\" \/><\/a><p class=\"wp-caption-text\">Karate-Kim koittaa selviyty\u00e4 v\u00e4yl\u00e4n 11 saarekkeelle<\/p><\/div>\n<p>&nbsp;<\/p>\n<p>V\u00e4yl\u00e4t olivat kaikenkaikkiaan hyvin vaihtelevia ja j\u00e4rkevi\u00e4. Hyss\u00e4dessupommeja ei tosin p\u00e4\u00e4ssyt jakelemaan kuin kasitoistasella, sill\u00e4 rata soveltuu ehk\u00e4 parhaiten suoraan heitt\u00e4v\u00e4lle pelaajalle. Teknikparken-puisto on tosi tunnelmallinen ja aiheutti Hurri-Petterille kovia flashbackeja Naantalin muumimaan sade-sillasta, kyll\u00e4 te tied\u00e4tte mist\u00e4 me puhutaan. Sellainen viidakkomainen rehev\u00e4 puisto jonka keskell\u00e4 virtaa hitaasti joki. Hyv\u00e4 rata J\u00e4rva-cooldowneriksi. Hyttysi\u00e4 radalla oli muutama, joskin tuulinen keli piti ne loitolla.<\/p>\n<div style=\"width: 585px\" class=\"wp-caption alignnone\"><a href=\"http:\/\/www.atlaz.fi\/tso\/gavle2\/12.JPG\"><img loading=\"lazy\" src=\"http:\/\/www.atlaz.fi\/tso\/gavle2\/tb\/12.JPG\" alt=\"\" width=\"575\" height=\"385\" \/><\/a><p class=\"wp-caption-text\">V\u00e4yl\u00e4n 18 pommidessuhyss\u00e4. Edess\u00e4 kaksi eri lampee ja kaksi eri DZ:aa<\/p><\/div>\n<p>&nbsp;<\/p>\n<p>T\u00e4ll\u00e4 hetkell\u00e4 matkaamme E4:sta pitkin Uumajaan. Noin 300km on takana ja noin 150km j\u00e4ljell\u00e4. Tutustuimme paikalliseen ruokakulttuuriin Sundsvallin m\u00e4kk\u00e4riss\u00e4. Ruotsalaiset El Macot maistuu aikalailla samalta kuin suomessa, 4\/5: voimme suositella. Matkalla googletimme Sundsvallin ja H\u00e4rn\u00f6sandin radata. Kummastakin l\u00f6ytyy ihan hyv\u00e4n n\u00e4k\u00f6iset 18-v\u00e4yl\u00e4iset, joten jos reissu olisi p\u00e4iv\u00e4\u00e4 pidempi niin Sundsvall voisi olla j\u00e4rkev\u00e4 v\u00e4lipys\u00e4kki y\u00f6pymist\u00e4 ja pelaamista varten. T\u00e4ll\u00f6in siirtyminen G\u00e4vlest\u00e4 Uumajaan ei my\u00f6sk\u00e4\u00e4n olisi tuntunut niin pitk\u00e4lt\u00e4. Uumajasta Lennonjohto-Jukka on varannut jonkin Hifi-m\u00f6kin jossa on kaikki varustelut. We&#8217;ll see&#8230;<\/p>\n<p>&nbsp;<\/p>\n<p>Ainiin, vammaisuusaste:<\/p>\n<p><span style=\"font-size: 13px\">Hurri-Petter: Vasen jalka J\u00e4rvan j\u00e4ljilt\u00e4 rakoilla. Oikea kyynerp\u00e4\u00e4 rikki k\u00e4mmenpommeista (hoidettu apteekista hommatulla Avery Jenkins tenniskyynerp\u00e4\u00e4tuella)<\/span><\/p>\n<p><span style=\"font-size: 13px\">Lennonjohto-Jukka: Asteittainen sipulin halkeilu ja hein\u00e4nuha<\/span><\/p>\n<p><span style=\"font-size: 13px\">Kiinteist\u00f6-Petri: Ei vammoja<\/span><\/p>\n<p>Kokki-Pete: Nivusvamma, liev\u00e4 &#8221;mansikoituminen&#8221;<\/p>\n<p><span style=\"font-size: 13px\">H\u00e4kki-Kimi: Niskajumi ja k\u00e4si turvoksissa.<\/span><span style=\"font-size: 13px\"><\/p>\n<p>Ainiin 2, L\u00e4sk&#8230; Hurri-Petterin sykemittarista otetut Geflen-tiedot l\u00f6tyy t\u00e4\u00e4lt\u00e4: <a href=\"http:\/\/connect.garmin.com\/player\/336432517\">http:\/\/connect.garmin.com\/player\/336432517<\/a>\u00a0(tuolta jostain oikeasta yl\u00e4nurkasta saa sivistyneiden ihmisten muotoon noi lukemat)\u00a0<\/span><\/p>\n<p>&nbsp;<\/p>\n<p>&nbsp;<\/p>\n<p>&nbsp;<\/p>\n<p>&nbsp;<\/p>\n<p>&nbsp;<\/p>\n<p>&nbsp;<\/p>\n<p>&nbsp;<\/p>\n<p>&nbsp;<\/p>\n","protected":false},"excerpt":{"rendered":"<p>Valls herrg\u00e5rd &#8211; Vallilan kartano. Takaraivossa jyskytti ajatus: &#8221;Mit\u00e4 jos J\u00e4rvan j\u00e4lkeen mik\u00e4\u00e4n ei en\u00e4\u00e4 tunnu milt\u00e4\u00e4n? Mit\u00e4 jos mun sielu j\u00e4i sinne? Miten m\u00e4 voin en\u00e4\u00e4 jatkaa?&#8221;. S\u00e4\u00e4tiedoitus lupaili sopivaa frisbeegolfkeli\u00e4, +20 ja puolipilvist\u00e4. Aamusta kuitenkin saimme huomata, ett\u00e4 sateen todenn\u00e4k\u00f6isyys on suurehko ja tuuli voimistuu iltap\u00e4iv\u00e4ll\u00e4. G\u00e4vlen, eli Geflen, rata sijaitsee heti keskustassa, [&hellip;]<\/p>\n","protected":false},"author":284,"featured_media":0,"comment_status":"open","ping_status":"open","sticky":false,"template":"","format":"standard","meta":[],"categories":[5894],"tags":[],"yoast_head":"<!-- This site is optimized with the Yoast SEO plugin v16.1.1 - https:\/\/yoast.com\/wordpress\/plugins\/seo\/ -->\n<meta name=\"robots\" content=\"index, follow, max-snippet:-1, max-image-preview:large, max-video-preview:-1\" \/>\n<link rel=\"canonical\" href=\"https:\/\/frisbeegolfradat.fi\/tour_de_sweden\/2013\/07\/02\/day-2-gefle-valls-herrgard\/\" \/>\n<meta property=\"og:locale\" content=\"fi_FI\" \/>\n<meta property=\"og:type\" content=\"article\" \/>\n<meta property=\"og:title\" content=\"Day 2 - Gefle - Valls Herrg\u00e5rd - Tour de Sweden\" \/>\n<meta property=\"og:description\" content=\"Valls herrg\u00e5rd &#8211; Vallilan kartano. Takaraivossa jyskytti ajatus: &#8221;Mit\u00e4 jos J\u00e4rvan j\u00e4lkeen mik\u00e4\u00e4n ei en\u00e4\u00e4 tunnu milt\u00e4\u00e4n? Mit\u00e4 jos mun sielu j\u00e4i sinne? Miten m\u00e4 voin en\u00e4\u00e4 jatkaa?&#8221;. S\u00e4\u00e4tiedoitus lupaili sopivaa frisbeegolfkeli\u00e4, +20 ja puolipilvist\u00e4. Aamusta kuitenkin saimme huomata, ett\u00e4 sateen todenn\u00e4k\u00f6isyys on suurehko ja tuuli voimistuu iltap\u00e4iv\u00e4ll\u00e4. G\u00e4vlen, eli Geflen, rata sijaitsee heti keskustassa, [&hellip;]\" \/>\n<meta property=\"og:url\" content=\"https:\/\/frisbeegolfradat.fi\/tour_de_sweden\/2013\/07\/02\/day-2-gefle-valls-herrgard\/\" \/>\n<meta property=\"og:site_name\" content=\"Tour de Sweden\" \/>\n<meta property=\"article:published_time\" content=\"2013-07-02T17:03:08+00:00\" \/>\n<meta property=\"article:modified_time\" content=\"2013-07-02T17:29:37+00:00\" \/>\n<meta property=\"og:image\" content=\"http:\/\/www.atlaz.fi\/tso\/gavle2\/tb\/1.JPG\" \/>\n<meta name=\"twitter:label1\" content=\"Est. reading time\">\n\t<meta name=\"twitter:data1\" content=\"4 minuuttia\">\n<script type=\"application\/ld+json\" class=\"yoast-schema-graph\">{\"@context\":\"https:\/\/schema.org\",\"@graph\":[{\"@type\":\"WebSite\",\"@id\":\"https:\/\/frisbeegolfradat.fi\/tour_de_sweden\/#website\",\"url\":\"https:\/\/frisbeegolfradat.fi\/tour_de_sweden\/\",\"name\":\"Tour de Sweden\",\"description\":\"H\\u00f6ga kusten\",\"potentialAction\":[{\"@type\":\"SearchAction\",\"target\":\"https:\/\/frisbeegolfradat.fi\/tour_de_sweden\/?s={search_term_string}\",\"query-input\":\"required name=search_term_string\"}],\"inLanguage\":\"fi\"},{\"@type\":\"ImageObject\",\"@id\":\"https:\/\/frisbeegolfradat.fi\/tour_de_sweden\/2013\/07\/02\/day-2-gefle-valls-herrgard\/#primaryimage\",\"inLanguage\":\"fi\",\"url\":\"http:\/\/www.atlaz.fi\/tso\/gavle2\/tb\/1.JPG\",\"contentUrl\":\"http:\/\/www.atlaz.fi\/tso\/gavle2\/tb\/1.JPG\"},{\"@type\":\"WebPage\",\"@id\":\"https:\/\/frisbeegolfradat.fi\/tour_de_sweden\/2013\/07\/02\/day-2-gefle-valls-herrgard\/#webpage\",\"url\":\"https:\/\/frisbeegolfradat.fi\/tour_de_sweden\/2013\/07\/02\/day-2-gefle-valls-herrgard\/\",\"name\":\"Day 2 - Gefle - Valls Herrg\\u00e5rd - Tour de Sweden\",\"isPartOf\":{\"@id\":\"https:\/\/frisbeegolfradat.fi\/tour_de_sweden\/#website\"},\"primaryImageOfPage\":{\"@id\":\"https:\/\/frisbeegolfradat.fi\/tour_de_sweden\/2013\/07\/02\/day-2-gefle-valls-herrgard\/#primaryimage\"},\"datePublished\":\"2013-07-02T17:03:08+00:00\",\"dateModified\":\"2013-07-02T17:29:37+00:00\",\"author\":{\"@id\":\"https:\/\/frisbeegolfradat.fi\/tour_de_sweden\/#\/schema\/person\/67fda23f2f597c1cf552988986bd7f98\"},\"breadcrumb\":{\"@id\":\"https:\/\/frisbeegolfradat.fi\/tour_de_sweden\/2013\/07\/02\/day-2-gefle-valls-herrgard\/#breadcrumb\"},\"inLanguage\":\"fi\",\"potentialAction\":[{\"@type\":\"ReadAction\",\"target\":[\"https:\/\/frisbeegolfradat.fi\/tour_de_sweden\/2013\/07\/02\/day-2-gefle-valls-herrgard\/\"]}]},{\"@type\":\"BreadcrumbList\",\"@id\":\"https:\/\/frisbeegolfradat.fi\/tour_de_sweden\/2013\/07\/02\/day-2-gefle-valls-herrgard\/#breadcrumb\",\"itemListElement\":[{\"@type\":\"ListItem\",\"position\":1,\"item\":{\"@type\":\"WebPage\",\"@id\":\"https:\/\/frisbeegolfradat.fi\/tour_de_sweden\/2013\/07\/02\/day-2-gefle-valls-herrgard\/\",\"url\":\"https:\/\/frisbeegolfradat.fi\/tour_de_sweden\/2013\/07\/02\/day-2-gefle-valls-herrgard\/\",\"name\":\"Day 2 &#8211; Gefle &#8211; Valls Herrg\\u00e5rd\"}}]},{\"@type\":\"Person\",\"@id\":\"https:\/\/frisbeegolfradat.fi\/tour_de_sweden\/#\/schema\/person\/67fda23f2f597c1cf552988986bd7f98\",\"name\":\"lillhonga\",\"image\":{\"@type\":\"ImageObject\",\"@id\":\"https:\/\/frisbeegolfradat.fi\/tour_de_sweden\/#personlogo\",\"inLanguage\":\"fi\",\"url\":\"\/\/www.gravatar.com\/avatar\/02b94af333a87a9ea20a2851995edbba?s=96&#038;r=g&#038;d=mm\",\"contentUrl\":\"\/\/www.gravatar.com\/avatar\/02b94af333a87a9ea20a2851995edbba?s=96&#038;r=g&#038;d=mm\",\"caption\":\"lillhonga\"}}]}<\/script>\n<!-- \/ Yoast SEO plugin. -->","_links":{"self":[{"href":"https:\/\/frisbeegolfradat.fi\/tour_de_sweden\/wp-json\/wp\/v2\/posts\/43"}],"collection":[{"href":"https:\/\/frisbeegolfradat.fi\/tour_de_sweden\/wp-json\/wp\/v2\/posts"}],"about":[{"href":"https:\/\/frisbeegolfradat.fi\/tour_de_sweden\/wp-json\/wp\/v2\/types\/post"}],"author":[{"embeddable":true,"href":"https:\/\/frisbeegolfradat.fi\/tour_de_sweden\/wp-json\/wp\/v2\/users\/284"}],"replies":[{"embeddable":true,"href":"https:\/\/frisbeegolfradat.fi\/tour_de_sweden\/wp-json\/wp\/v2\/comments?post=43"}],"version-history":[{"count":8,"href":"https:\/\/frisbeegolfradat.fi\/tour_de_sweden\/wp-json\/wp\/v2\/posts\/43\/revisions"}],"predecessor-version":[{"id":50,"href":"https:\/\/frisbeegolfradat.fi\/tour_de_sweden\/wp-json\/wp\/v2\/posts\/43\/revisions\/50"}],"wp:attachment":[{"href":"https:\/\/frisbeegolfradat.fi\/tour_de_sweden\/wp-json\/wp\/v2\/media?parent=43"}],"wp:term":[{"taxonomy":"category","embeddable":true,"href":"https:\/\/frisbeegolfradat.fi\/tour_de_sweden\/wp-json\/wp\/v2\/categories?post=43"},{"taxonomy":"post_tag","embeddable":true,"href":"https:\/\/frisbeegolfradat.fi\/tour_de_sweden\/wp-json\/wp\/v2\/tags?post=43"}],"curies":[{"name":"wp","href":"https:\/\/api.w.org\/{rel}","templated":true}]}}