{"id":46,"date":"2020-06-09T12:21:16","date_gmt":"2020-06-09T09:21:16","guid":{"rendered":"http:\/\/frisbeegolfradat.fi\/lykynlammen-frisbeegolfrata\/?p=46"},"modified":"2020-06-09T12:21:16","modified_gmt":"2020-06-09T09:21:16","slug":"pohjois-karjalan-avoimet-12-6-14-6-2020-ja-pro-layout-pelattavissa","status":"publish","type":"post","link":"https:\/\/frisbeegolfradat.fi\/lykynlammen-frisbeegolfrata\/2020\/06\/09\/pohjois-karjalan-avoimet-12-6-14-6-2020-ja-pro-layout-pelattavissa\/","title":{"rendered":"Pohjois-Karjalan avoimet 12.6.-14.6.2020 ja PRO-layout pelattavissa"},"content":{"rendered":"<p>Lykynlammen rataa koskeva tiedote 9.6.2020:<\/p>\n<ul>\n<li>Tiedoksi, ett\u00e4 rata on suljettu muilta kuin kilpailijoilta ajalla\u00a0pe 12.6. &#8211; su 14.6.2020\u00a0Pohjois-Karjalan avoimet -kilpailun vuoksi. Huom! Kilpailu pelataan ilman yleis\u00f6\u00e4, mutta liveseuranta onnistuu tietenkin Metrixin kautta.<\/li>\n<li>Radalle my\u00f6s valmistui hiljattain uusi PRO-layout, lis\u00e4tietoja t\u00e4st\u00e4 voit lukea JLK:n www-sivuilta:\u00a0<a href=\"https:\/\/www.joenliitokiekko.com\/frisbeegolf\/radat\/lykynlammen-frisbeegolfrata\/\" target=\"_blank\" rel=\"noopener\">https:\/\/www.joenliitokiekko.com\/frisbeegolf\/radat\/lykynlammen-frisbeegolfrata\/<\/a><\/li>\n<\/ul>\n","protected":false},"excerpt":{"rendered":"<p>Lykynlammen rataa koskeva tiedote 9.6.2020: Tiedoksi, ett\u00e4 rata on suljettu muilta kuin kilpailijoilta ajalla\u00a0pe 12.6. &#8211; su 14.6.2020\u00a0Pohjois-Karjalan avoimet -kilpailun vuoksi. Huom! Kilpailu pelataan ilman yleis\u00f6\u00e4, mutta liveseuranta onnistuu tietenkin Metrixin kautta. Radalle my\u00f6s valmistui hiljattain uusi PRO-layout, lis\u00e4tietoja t\u00e4st\u00e4 voit lukea JLK:n www-sivuilta:\u00a0https:\/\/www.joenliitokiekko.com\/frisbeegolf\/radat\/lykynlammen-frisbeegolfrata\/<\/p>\n","protected":false},"author":260,"featured_media":0,"comment_status":"open","ping_status":"open","sticky":false,"template":"","format":"standard","meta":[],"categories":[5894],"tags":[],"yoast_head":"<!-- This site is optimized with the Yoast SEO plugin v16.1.1 - https:\/\/yoast.com\/wordpress\/plugins\/seo\/ -->\n<meta name=\"robots\" content=\"index, follow, max-snippet:-1, max-image-preview:large, max-video-preview:-1\" \/>\n<link rel=\"canonical\" href=\"http:\/\/frisbeegolfradat.fi\/lykynlammen-frisbeegolfrata\/2020\/06\/09\/pohjois-karjalan-avoimet-12-6-14-6-2020-ja-pro-layout-pelattavissa\/\" \/>\n<meta property=\"og:locale\" content=\"fi_FI\" \/>\n<meta property=\"og:type\" content=\"article\" \/>\n<meta property=\"og:title\" content=\"Pohjois-Karjalan avoimet 12.6.-14.6.2020 ja PRO-layout pelattavissa - Lykynlammen frisbeegolfrata\" \/>\n<meta property=\"og:description\" content=\"Lykynlammen rataa koskeva tiedote 9.6.2020: Tiedoksi, ett\u00e4 rata on suljettu muilta kuin kilpailijoilta ajalla\u00a0pe 12.6. &#8211; su 14.6.2020\u00a0Pohjois-Karjalan avoimet -kilpailun vuoksi. Huom! Kilpailu pelataan ilman yleis\u00f6\u00e4, mutta liveseuranta onnistuu tietenkin Metrixin kautta. Radalle my\u00f6s valmistui hiljattain uusi PRO-layout, lis\u00e4tietoja t\u00e4st\u00e4 voit lukea JLK:n www-sivuilta:\u00a0https:\/\/www.joenliitokiekko.com\/frisbeegolf\/radat\/lykynlammen-frisbeegolfrata\/\" \/>\n<meta property=\"og:url\" content=\"http:\/\/frisbeegolfradat.fi\/lykynlammen-frisbeegolfrata\/2020\/06\/09\/pohjois-karjalan-avoimet-12-6-14-6-2020-ja-pro-layout-pelattavissa\/\" \/>\n<meta property=\"og:site_name\" content=\"Lykynlammen frisbeegolfrata\" \/>\n<meta property=\"article:published_time\" content=\"2020-06-09T09:21:16+00:00\" \/>\n<script type=\"application\/ld+json\" class=\"yoast-schema-graph\">{\"@context\":\"https:\/\/schema.org\",\"@graph\":[{\"@type\":\"WebSite\",\"@id\":\"https:\/\/frisbeegolfradat.fi\/lykynlammen-frisbeegolfrata\/#website\",\"url\":\"https:\/\/frisbeegolfradat.fi\/lykynlammen-frisbeegolfrata\/\",\"name\":\"Lykynlammen frisbeegolfrata\",\"description\":\"Uusi Frisbeegolfradat -sivusto\",\"potentialAction\":[{\"@type\":\"SearchAction\",\"target\":\"https:\/\/frisbeegolfradat.fi\/lykynlammen-frisbeegolfrata\/?s={search_term_string}\",\"query-input\":\"required name=search_term_string\"}],\"inLanguage\":\"fi\"},{\"@type\":\"WebPage\",\"@id\":\"http:\/\/frisbeegolfradat.fi\/lykynlammen-frisbeegolfrata\/2020\/06\/09\/pohjois-karjalan-avoimet-12-6-14-6-2020-ja-pro-layout-pelattavissa\/#webpage\",\"url\":\"http:\/\/frisbeegolfradat.fi\/lykynlammen-frisbeegolfrata\/2020\/06\/09\/pohjois-karjalan-avoimet-12-6-14-6-2020-ja-pro-layout-pelattavissa\/\",\"name\":\"Pohjois-Karjalan avoimet 12.6.-14.6.2020 ja PRO-layout pelattavissa - Lykynlammen frisbeegolfrata\",\"isPartOf\":{\"@id\":\"https:\/\/frisbeegolfradat.fi\/lykynlammen-frisbeegolfrata\/#website\"},\"datePublished\":\"2020-06-09T09:21:16+00:00\",\"dateModified\":\"2020-06-09T09:21:16+00:00\",\"author\":{\"@id\":\"https:\/\/frisbeegolfradat.fi\/lykynlammen-frisbeegolfrata\/#\/schema\/person\/04724bd65bf494e0dd8a598dc82c1c3e\"},\"breadcrumb\":{\"@id\":\"http:\/\/frisbeegolfradat.fi\/lykynlammen-frisbeegolfrata\/2020\/06\/09\/pohjois-karjalan-avoimet-12-6-14-6-2020-ja-pro-layout-pelattavissa\/#breadcrumb\"},\"inLanguage\":\"fi\",\"potentialAction\":[{\"@type\":\"ReadAction\",\"target\":[\"http:\/\/frisbeegolfradat.fi\/lykynlammen-frisbeegolfrata\/2020\/06\/09\/pohjois-karjalan-avoimet-12-6-14-6-2020-ja-pro-layout-pelattavissa\/\"]}]},{\"@type\":\"BreadcrumbList\",\"@id\":\"http:\/\/frisbeegolfradat.fi\/lykynlammen-frisbeegolfrata\/2020\/06\/09\/pohjois-karjalan-avoimet-12-6-14-6-2020-ja-pro-layout-pelattavissa\/#breadcrumb\",\"itemListElement\":[{\"@type\":\"ListItem\",\"position\":1,\"item\":{\"@type\":\"WebPage\",\"@id\":\"http:\/\/frisbeegolfradat.fi\/lykynlammen-frisbeegolfrata\/2020\/06\/09\/pohjois-karjalan-avoimet-12-6-14-6-2020-ja-pro-layout-pelattavissa\/\",\"url\":\"http:\/\/frisbeegolfradat.fi\/lykynlammen-frisbeegolfrata\/2020\/06\/09\/pohjois-karjalan-avoimet-12-6-14-6-2020-ja-pro-layout-pelattavissa\/\",\"name\":\"Pohjois-Karjalan avoimet 12.6.-14.6.2020 ja PRO-layout pelattavissa\"}}]},{\"@type\":\"Person\",\"@id\":\"https:\/\/frisbeegolfradat.fi\/lykynlammen-frisbeegolfrata\/#\/schema\/person\/04724bd65bf494e0dd8a598dc82c1c3e\",\"name\":\"utra\",\"image\":{\"@type\":\"ImageObject\",\"@id\":\"https:\/\/frisbeegolfradat.fi\/lykynlammen-frisbeegolfrata\/#personlogo\",\"inLanguage\":\"fi\",\"url\":\"https:\/\/frisbeegolfradat.fi\/wp-content\/blogs.dir\/323\/files\/avatars\/260\/3fe391c3c5367c496bcc5b57a8d369e5-bpfull.jpg\",\"contentUrl\":\"https:\/\/frisbeegolfradat.fi\/wp-content\/blogs.dir\/323\/files\/avatars\/260\/3fe391c3c5367c496bcc5b57a8d369e5-bpfull.jpg\",\"caption\":\"utra\"}}]}<\/script>\n<!-- \/ Yoast SEO plugin. -->","_links":{"self":[{"href":"https:\/\/frisbeegolfradat.fi\/lykynlammen-frisbeegolfrata\/wp-json\/wp\/v2\/posts\/46"}],"collection":[{"href":"https:\/\/frisbeegolfradat.fi\/lykynlammen-frisbeegolfrata\/wp-json\/wp\/v2\/posts"}],"about":[{"href":"https:\/\/frisbeegolfradat.fi\/lykynlammen-frisbeegolfrata\/wp-json\/wp\/v2\/types\/post"}],"author":[{"embeddable":true,"href":"https:\/\/frisbeegolfradat.fi\/lykynlammen-frisbeegolfrata\/wp-json\/wp\/v2\/users\/260"}],"replies":[{"embeddable":true,"href":"https:\/\/frisbeegolfradat.fi\/lykynlammen-frisbeegolfrata\/wp-json\/wp\/v2\/comments?post=46"}],"version-history":[{"count":1,"href":"https:\/\/frisbeegolfradat.fi\/lykynlammen-frisbeegolfrata\/wp-json\/wp\/v2\/posts\/46\/revisions"}],"predecessor-version":[{"id":47,"href":"https:\/\/frisbeegolfradat.fi\/lykynlammen-frisbeegolfrata\/wp-json\/wp\/v2\/posts\/46\/revisions\/47"}],"wp:attachment":[{"href":"https:\/\/frisbeegolfradat.fi\/lykynlammen-frisbeegolfrata\/wp-json\/wp\/v2\/media?parent=46"}],"wp:term":[{"taxonomy":"category","embeddable":true,"href":"https:\/\/frisbeegolfradat.fi\/lykynlammen-frisbeegolfrata\/wp-json\/wp\/v2\/categories?post=46"},{"taxonomy":"post_tag","embeddable":true,"href":"https:\/\/frisbeegolfradat.fi\/lykynlammen-frisbeegolfrata\/wp-json\/wp\/v2\/tags?post=46"}],"curies":[{"name":"wp","href":"https:\/\/api.w.org\/{rel}","templated":true}]}}