{"id":1,"date":"2016-12-02T09:26:10","date_gmt":"2016-12-02T07:26:10","guid":{"rendered":"http:\/\/frisbeegolfradat.fi\/lykynlammen-frisbeegolfrata\/?p=1"},"modified":"2016-12-05T10:40:33","modified_gmt":"2016-12-05T08:40:33","slug":"rata-suljettu-talven-ajaksi","status":"publish","type":"post","link":"https:\/\/frisbeegolfradat.fi\/lykynlammen-frisbeegolfrata\/2016\/12\/02\/rata-suljettu-talven-ajaksi\/","title":{"rendered":"Rata suljettu talven ajaksi!"},"content":{"rendered":"<p>T\u00e4rke\u00e4 tiedote: Lykynlammen frisbeegolfrata on nyt suljettu pelaamiselta &#8211; ja koritkin on huputettu &#8211; hiihtokauden alkamisen vuoksi. N\u00e4hd\u00e4\u00e4n radalla taas lumien l\u00e4hdetty\u00e4 kev\u00e4\u00e4ll\u00e4 2017!<\/p>\n<p>p.s. Utran frisbeegolfrata palvelee pelaajia l\u00e4pi talven.<\/p>\n<p>t. Joen Liitokiekko ry<\/p>\n","protected":false},"excerpt":{"rendered":"<p>T\u00e4rke\u00e4 tiedote: Lykynlammen frisbeegolfrata on nyt suljettu pelaamiselta &#8211; ja koritkin on huputettu &#8211; hiihtokauden alkamisen vuoksi. N\u00e4hd\u00e4\u00e4n radalla taas lumien l\u00e4hdetty\u00e4 kev\u00e4\u00e4ll\u00e4 2017! p.s. Utran frisbeegolfrata palvelee pelaajia l\u00e4pi talven. t. Joen Liitokiekko ry<\/p>\n","protected":false},"author":260,"featured_media":0,"comment_status":"open","ping_status":"open","sticky":false,"template":"","format":"standard","meta":[],"categories":[5894],"tags":[],"yoast_head":"<!-- This site is optimized with the Yoast SEO plugin v16.1.1 - https:\/\/yoast.com\/wordpress\/plugins\/seo\/ -->\n<meta name=\"robots\" content=\"index, follow, max-snippet:-1, max-image-preview:large, max-video-preview:-1\" \/>\n<link rel=\"canonical\" href=\"http:\/\/frisbeegolfradat.fi\/lykynlammen-frisbeegolfrata\/2016\/12\/02\/rata-suljettu-talven-ajaksi\/\" \/>\n<meta property=\"og:locale\" content=\"fi_FI\" \/>\n<meta property=\"og:type\" content=\"article\" \/>\n<meta property=\"og:title\" content=\"Rata suljettu talven ajaksi! - Lykynlammen frisbeegolfrata\" \/>\n<meta property=\"og:description\" content=\"T\u00e4rke\u00e4 tiedote: Lykynlammen frisbeegolfrata on nyt suljettu pelaamiselta &#8211; ja koritkin on huputettu &#8211; hiihtokauden alkamisen vuoksi. N\u00e4hd\u00e4\u00e4n radalla taas lumien l\u00e4hdetty\u00e4 kev\u00e4\u00e4ll\u00e4 2017! p.s. Utran frisbeegolfrata palvelee pelaajia l\u00e4pi talven. t. Joen Liitokiekko ry\" \/>\n<meta property=\"og:url\" content=\"http:\/\/frisbeegolfradat.fi\/lykynlammen-frisbeegolfrata\/2016\/12\/02\/rata-suljettu-talven-ajaksi\/\" \/>\n<meta property=\"og:site_name\" content=\"Lykynlammen frisbeegolfrata\" \/>\n<meta property=\"article:published_time\" content=\"2016-12-02T07:26:10+00:00\" \/>\n<meta property=\"article:modified_time\" content=\"2016-12-05T08:40:33+00:00\" \/>\n<script type=\"application\/ld+json\" class=\"yoast-schema-graph\">{\"@context\":\"https:\/\/schema.org\",\"@graph\":[{\"@type\":\"WebSite\",\"@id\":\"https:\/\/frisbeegolfradat.fi\/lykynlammen-frisbeegolfrata\/#website\",\"url\":\"https:\/\/frisbeegolfradat.fi\/lykynlammen-frisbeegolfrata\/\",\"name\":\"Lykynlammen frisbeegolfrata\",\"description\":\"Uusi Frisbeegolfradat -sivusto\",\"potentialAction\":[{\"@type\":\"SearchAction\",\"target\":\"https:\/\/frisbeegolfradat.fi\/lykynlammen-frisbeegolfrata\/?s={search_term_string}\",\"query-input\":\"required name=search_term_string\"}],\"inLanguage\":\"fi\"},{\"@type\":\"WebPage\",\"@id\":\"http:\/\/frisbeegolfradat.fi\/lykynlammen-frisbeegolfrata\/2016\/12\/02\/rata-suljettu-talven-ajaksi\/#webpage\",\"url\":\"http:\/\/frisbeegolfradat.fi\/lykynlammen-frisbeegolfrata\/2016\/12\/02\/rata-suljettu-talven-ajaksi\/\",\"name\":\"Rata suljettu talven ajaksi! - Lykynlammen frisbeegolfrata\",\"isPartOf\":{\"@id\":\"https:\/\/frisbeegolfradat.fi\/lykynlammen-frisbeegolfrata\/#website\"},\"datePublished\":\"2016-12-02T07:26:10+00:00\",\"dateModified\":\"2016-12-05T08:40:33+00:00\",\"author\":{\"@id\":\"https:\/\/frisbeegolfradat.fi\/lykynlammen-frisbeegolfrata\/#\/schema\/person\/04724bd65bf494e0dd8a598dc82c1c3e\"},\"breadcrumb\":{\"@id\":\"http:\/\/frisbeegolfradat.fi\/lykynlammen-frisbeegolfrata\/2016\/12\/02\/rata-suljettu-talven-ajaksi\/#breadcrumb\"},\"inLanguage\":\"fi\",\"potentialAction\":[{\"@type\":\"ReadAction\",\"target\":[\"http:\/\/frisbeegolfradat.fi\/lykynlammen-frisbeegolfrata\/2016\/12\/02\/rata-suljettu-talven-ajaksi\/\"]}]},{\"@type\":\"BreadcrumbList\",\"@id\":\"http:\/\/frisbeegolfradat.fi\/lykynlammen-frisbeegolfrata\/2016\/12\/02\/rata-suljettu-talven-ajaksi\/#breadcrumb\",\"itemListElement\":[{\"@type\":\"ListItem\",\"position\":1,\"item\":{\"@type\":\"WebPage\",\"@id\":\"http:\/\/frisbeegolfradat.fi\/lykynlammen-frisbeegolfrata\/2016\/12\/02\/rata-suljettu-talven-ajaksi\/\",\"url\":\"http:\/\/frisbeegolfradat.fi\/lykynlammen-frisbeegolfrata\/2016\/12\/02\/rata-suljettu-talven-ajaksi\/\",\"name\":\"Rata suljettu talven ajaksi!\"}}]},{\"@type\":\"Person\",\"@id\":\"https:\/\/frisbeegolfradat.fi\/lykynlammen-frisbeegolfrata\/#\/schema\/person\/04724bd65bf494e0dd8a598dc82c1c3e\",\"name\":\"utra\",\"image\":{\"@type\":\"ImageObject\",\"@id\":\"https:\/\/frisbeegolfradat.fi\/lykynlammen-frisbeegolfrata\/#personlogo\",\"inLanguage\":\"fi\",\"url\":\"https:\/\/frisbeegolfradat.fi\/wp-content\/blogs.dir\/323\/files\/avatars\/260\/3fe391c3c5367c496bcc5b57a8d369e5-bpfull.jpg\",\"contentUrl\":\"https:\/\/frisbeegolfradat.fi\/wp-content\/blogs.dir\/323\/files\/avatars\/260\/3fe391c3c5367c496bcc5b57a8d369e5-bpfull.jpg\",\"caption\":\"utra\"}}]}<\/script>\n<!-- \/ Yoast SEO plugin. -->","_links":{"self":[{"href":"https:\/\/frisbeegolfradat.fi\/lykynlammen-frisbeegolfrata\/wp-json\/wp\/v2\/posts\/1"}],"collection":[{"href":"https:\/\/frisbeegolfradat.fi\/lykynlammen-frisbeegolfrata\/wp-json\/wp\/v2\/posts"}],"about":[{"href":"https:\/\/frisbeegolfradat.fi\/lykynlammen-frisbeegolfrata\/wp-json\/wp\/v2\/types\/post"}],"author":[{"embeddable":true,"href":"https:\/\/frisbeegolfradat.fi\/lykynlammen-frisbeegolfrata\/wp-json\/wp\/v2\/users\/260"}],"replies":[{"embeddable":true,"href":"https:\/\/frisbeegolfradat.fi\/lykynlammen-frisbeegolfrata\/wp-json\/wp\/v2\/comments?post=1"}],"version-history":[{"count":3,"href":"https:\/\/frisbeegolfradat.fi\/lykynlammen-frisbeegolfrata\/wp-json\/wp\/v2\/posts\/1\/revisions"}],"predecessor-version":[{"id":8,"href":"https:\/\/frisbeegolfradat.fi\/lykynlammen-frisbeegolfrata\/wp-json\/wp\/v2\/posts\/1\/revisions\/8"}],"wp:attachment":[{"href":"https:\/\/frisbeegolfradat.fi\/lykynlammen-frisbeegolfrata\/wp-json\/wp\/v2\/media?parent=1"}],"wp:term":[{"taxonomy":"category","embeddable":true,"href":"https:\/\/frisbeegolfradat.fi\/lykynlammen-frisbeegolfrata\/wp-json\/wp\/v2\/categories?post=1"},{"taxonomy":"post_tag","embeddable":true,"href":"https:\/\/frisbeegolfradat.fi\/lykynlammen-frisbeegolfrata\/wp-json\/wp\/v2\/tags?post=1"}],"curies":[{"name":"wp","href":"https:\/\/api.w.org\/{rel}","templated":true}]}}